{"id":16281,"date":"2023-07-28T16:30:03","date_gmt":"2023-07-28T22:30:03","guid":{"rendered":"https:\/\/web.childliberation.org\/?p=16281"},"modified":"2023-07-28T16:30:03","modified_gmt":"2023-07-28T22:30:03","slug":"wisconsin-child-sex-traffickers-going-to-prison","status":"publish","type":"post","link":"https:\/\/childliberation.org\/es\/wisconsin-child-sex-traffickers-going-to-prison\/","title":{"rendered":"Traficantes sexuales de ni\u00f1os de Wisconsin van a prisi\u00f3n"},"content":{"rendered":"<div data-elementor-type=\"wp-post\" data-elementor-id=\"16281\" class=\"elementor elementor-16281\" data-elementor-post-type=\"post\">\n\t\t\t\t\t\t<section class=\"elementor-section elementor-top-section elementor-element elementor-element-505abb7 elementor-section-stretched elementor-section-boxed elementor-section-height-default elementor-section-height-default\" data-id=\"505abb7\" data-element_type=\"section\" data-e-type=\"section\" data-settings=\"{&quot;stretch_section&quot;:&quot;section-stretched&quot;}\">\n\t\t\t\t\t\t<div class=\"elementor-container elementor-column-gap-default\">\n\t\t\t\t\t<div class=\"elementor-column elementor-col-66 elementor-top-column elementor-element elementor-element-a2e1946\" data-id=\"a2e1946\" data-element_type=\"column\" data-e-type=\"column\">\n\t\t\t<div class=\"elementor-widget-wrap elementor-element-populated\">\n\t\t\t\t\t\t<div class=\"elementor-element elementor-element-6bb27da elementor-widget__width-initial elementor-widget elementor-widget-heading\" data-id=\"6bb27da\" data-element_type=\"widget\" data-e-type=\"widget\" data-widget_type=\"heading.default\">\n\t\t\t\t<div class=\"elementor-widget-container\">\n\t\t\t\t\t<h3 class=\"elementor-heading-title elementor-size-default\"><b>Traficantes sexuales de ni\u00f1os de Wisconsin van a prisi\u00f3n<\/b><\/h3>\t\t\t\t<\/div>\n\t\t\t\t<\/div>\n\t\t\t\t<div class=\"elementor-element elementor-element-d974aea elementor-widget elementor-widget-image\" data-id=\"d974aea\" data-element_type=\"widget\" data-e-type=\"widget\" data-widget_type=\"image.default\">\n\t\t\t\t<div class=\"elementor-widget-container\">\n\t\t\t\t\t\t\t\t\t\t\t\t\t\t\t<img fetchpriority=\"high\" decoding=\"async\" width=\"800\" height=\"450\" src=\"https:\/\/childliberation.org\/wp-content\/uploads\/2023\/07\/traffickers_jailed-1024x576.webp\" class=\"attachment-large size-large wp-image-16282\" alt=\"\" srcset=\"https:\/\/childliberation.org\/wp-content\/uploads\/2023\/07\/traffickers_jailed-1024x576.webp 1024w, https:\/\/childliberation.org\/wp-content\/uploads\/2023\/07\/traffickers_jailed-600x338.webp 600w, https:\/\/childliberation.org\/wp-content\/uploads\/2023\/07\/traffickers_jailed-300x169.webp 300w, https:\/\/childliberation.org\/wp-content\/uploads\/2023\/07\/traffickers_jailed-768x432.webp 768w, https:\/\/childliberation.org\/wp-content\/uploads\/2023\/07\/traffickers_jailed-1536x864.webp 1536w, https:\/\/childliberation.org\/wp-content\/uploads\/2023\/07\/traffickers_jailed-18x10.webp 18w, https:\/\/childliberation.org\/wp-content\/uploads\/2023\/07\/traffickers_jailed.webp 1920w\" sizes=\"(max-width: 800px) 100vw, 800px\" \/>\t\t\t\t\t\t\t\t\t\t\t\t\t\t\t<\/div>\n\t\t\t\t<\/div>\n\t\t\t\t<div class=\"elementor-element elementor-element-56ba689 elementor-widget__width-initial elementor-widget elementor-widget-heading\" data-id=\"56ba689\" data-element_type=\"widget\" data-e-type=\"widget\" data-widget_type=\"heading.default\">\n\t\t\t\t<div class=\"elementor-widget-container\">\n\t\t\t\t\t<p class=\"elementor-heading-title elementor-size-default\">Un hombre de Wisconsin ha sido declarado culpable y sentenciado a prisi\u00f3n en relaci\u00f3n con la trata de ni\u00f1os. Seg\u00fan WQOW.com, William Hargrove ha sido sentenciado a 10 a\u00f1os de prisi\u00f3n por agresi\u00f3n sexual a una ni\u00f1a de 15 a\u00f1os. La sentencia se dict\u00f3 el 20 de mayo de 2020.<br><br>El caso se centra en la trata, agresi\u00f3n sexual y explotaci\u00f3n de una ni\u00f1a de 15 a\u00f1os en junio de 2019. La ni\u00f1a an\u00f3nima declar\u00f3 que Richard Bye la agredi\u00f3 sexualmente y luego le dijo que iba a tener relaciones sexuales con otro hombre por $8 d\u00f3lares y una bolsa de metanfetamina. William Hargrove, el otro hombre en cuesti\u00f3n, neg\u00f3 inicialmente haber tenido contacto sexual con la joven de 15 a\u00f1os. Un examen SANE demostr\u00f3 que hab\u00eda evidencia de ADN que vinculaba a Hargrove con la explotaci\u00f3n sexual de la joven de 15 a\u00f1os. <\/p>\t\t\t\t<\/div>\n\t\t\t\t<\/div>\n\t\t\t\t<div class=\"elementor-element elementor-element-d55fd28 elementor-widget__width-initial elementor-widget elementor-widget-heading\" data-id=\"d55fd28\" data-element_type=\"widget\" data-e-type=\"widget\" data-widget_type=\"heading.default\">\n\t\t\t\t<div class=\"elementor-widget-container\">\n\t\t\t\t\t<h4 class=\"elementor-heading-title elementor-size-default\">\u00bfQu\u00e9 es un examen SANE?<\/h4>\t\t\t\t<\/div>\n\t\t\t\t<\/div>\n\t\t\t\t<div class=\"elementor-element elementor-element-0af82b7 elementor-widget__width-initial elementor-widget elementor-widget-heading\" data-id=\"0af82b7\" data-element_type=\"widget\" data-e-type=\"widget\" data-widget_type=\"heading.default\">\n\t\t\t\t<div class=\"elementor-widget-container\">\n\t\t\t\t\t<p class=\"elementor-heading-title elementor-size-default\">Un examen SANE se define como una &quot;enfermera examinadora de agresi\u00f3n sexual&quot;. Estos ex\u00e1menes verifican la salud mental, la condici\u00f3n m\u00e9dica y buscan evidencia forense en el caso de agresiones sexuales. En este caso penal del condado de Eau Claire, el examen SANE proporcion\u00f3 pruebas suficientes para procesar y, en \u00faltima instancia, condenar a William Hargrove a 10 a\u00f1os de prisi\u00f3n.  \n<\/p>\t\t\t\t<\/div>\n\t\t\t\t<\/div>\n\t\t\t\t<div class=\"elementor-element elementor-element-180c2a2 elementor-widget__width-initial elementor-widget elementor-widget-heading\" data-id=\"180c2a2\" data-element_type=\"widget\" data-e-type=\"widget\" data-widget_type=\"heading.default\">\n\t\t\t\t<div class=\"elementor-widget-container\">\n\t\t\t\t\t<h4 class=\"elementor-heading-title elementor-size-default\">William Hargrove\n<\/h4>\t\t\t\t<\/div>\n\t\t\t\t<\/div>\n\t\t\t\t<div class=\"elementor-element elementor-element-2b6eb52 elementor-widget__width-initial elementor-widget elementor-widget-heading\" data-id=\"2b6eb52\" data-element_type=\"widget\" data-e-type=\"widget\" data-widget_type=\"heading.default\">\n\t\t\t\t<div class=\"elementor-widget-container\">\n\t\t\t\t\t<p class=\"elementor-heading-title elementor-size-default\">William Hargove en este caso fue condenado por solicitar un ni\u00f1o y agresi\u00f3n sexual. Ha sido condenado a 10 a\u00f1os de prisi\u00f3n por sus cr\u00edmenes. \u00c9l representa la demanda en el tr\u00e1fico de ni\u00f1os como alguien que est\u00e1 dispuesto a pagar por tener sexo con ni\u00f1os. La lucha contra la trata de ni\u00f1os comienza cambiando la forma de pensar de las personas y previniendo este tipo de comportamiento depredador.  <\/p>\t\t\t\t<\/div>\n\t\t\t\t<\/div>\n\t\t\t\t<div class=\"elementor-element elementor-element-dba1895 elementor-widget__width-initial elementor-widget elementor-widget-heading\" data-id=\"dba1895\" data-element_type=\"widget\" data-e-type=\"widget\" data-widget_type=\"heading.default\">\n\t\t\t\t<div class=\"elementor-widget-container\">\n\t\t\t\t\t<h4 class=\"elementor-heading-title elementor-size-default\">Richard adios\n<\/h4>\t\t\t\t<\/div>\n\t\t\t\t<\/div>\n\t\t\t\t<div class=\"elementor-element elementor-element-d292c89 elementor-widget__width-initial elementor-widget elementor-widget-heading\" data-id=\"d292c89\" data-element_type=\"widget\" data-e-type=\"widget\" data-widget_type=\"heading.default\">\n\t\t\t\t<div class=\"elementor-widget-container\">\n\t\t\t\t\t<p class=\"elementor-heading-title elementor-size-default\">Richard Bye en este caso ha sido acusado de cargos que incluyen tr\u00e1fico de ni\u00f1os y abuso sexual infantil. A\u00fan no ha sido juzgado ni sentenciado en este caso por los 7 cargos de delitos graves. Los informes de los medios de comunicaci\u00f3n de Wisconsin no son claros sobre la relaci\u00f3n entre Bye y esta ni\u00f1a de 15 a\u00f1os. Si es declarado culpable y condenado, Bye representar\u00eda no s\u00f3lo un depredador sexual sino tambi\u00e9n un traficante de ni\u00f1os. Sus supuestas acciones de no s\u00f3lo abusar de la ni\u00f1a sino tambi\u00e9n intentar que ella consumiera drogas a cambio de sexo es una t\u00e1ctica muy com\u00fan. Es una t\u00e1ctica que esclaviza a las ni\u00f1as a la prostituci\u00f3n. Los actos de abuso sexual no s\u00f3lo disminuyen el sentido de autoestima de la v\u00edctima, sino que agregar sustancias adictivas crea una dependencia que es dif\u00edcil de romper.<\/p>\t\t\t\t<\/div>\n\t\t\t\t<\/div>\n\t\t\t\t\t<\/div>\n\t\t<\/div>\n\t\t\t\t<div class=\"elementor-column elementor-col-33 elementor-top-column elementor-element elementor-element-b963743\" data-id=\"b963743\" data-element_type=\"column\" data-e-type=\"column\">\n\t\t\t<div class=\"elementor-widget-wrap elementor-element-populated\">\n\t\t\t\t\t\t\t<\/div>\n\t\t<\/div>\n\t\t\t\t\t<\/div>\n\t\t<\/section>\n\t\t\t\t<\/div>","protected":false},"excerpt":{"rendered":"<p>Un hombre de Wisconsin ha sido declarado culpable y sentenciado a prisi\u00f3n en relaci\u00f3n con la trata de ni\u00f1os. Seg\u00fan WQOW.com, William Hargrove ha sido sentenciado a 10 a\u00f1os de prisi\u00f3n por agresi\u00f3n sexual a una ni\u00f1a de 15 a\u00f1os. <\/p>","protected":false},"author":3,"featured_media":16282,"comment_status":"open","ping_status":"closed","sticky":false,"template":"","format":"standard","meta":{"give_campaign_id":0,"_jetpack_memberships_contains_paid_content":false,"footnotes":""},"categories":[55],"tags":[54,56,48,57,58,59],"class_list":["post-16281","post","type-post","status-publish","format-standard","has-post-thumbnail","hentry","category-blog","tag-awareness","tag-children","tag-involved","tag-law","tag-safety","tag-tips"],"yoast_head":"<!-- This site is optimized with the Yoast SEO Premium plugin v24.0 (Yoast SEO v24.0) - https:\/\/yoast.com\/wordpress\/plugins\/seo\/ -->\n<title>Wisconsin Child Sex Traffickers Going To Prison | Child Liberation Foundation<\/title>\n<meta name=\"robots\" content=\"index, follow, max-snippet:-1, max-image-preview:large, max-video-preview:-1\" \/>\n<link rel=\"canonical\" href=\"https:\/\/childliberation.org\/es\/wisconsin-child-sex-traffickers-going-to-prison\/\" \/>\n<meta property=\"og:locale\" content=\"es_ES\" \/>\n<meta property=\"og:type\" content=\"article\" \/>\n<meta property=\"og:title\" content=\"Child Liberation Foundation\" \/>\n<meta property=\"og:description\" content=\"The Child Liberation Foundation was founded in February 2017 with a passion and commitment to end child trafficking around the world. In 2023 we have expanded our efforts to not only doing child rescue missions but also in focusing on the rehabilitation and healing of childhood sexual trauma by providing tools, modalities, awareness and education.\" \/>\n<meta property=\"og:url\" content=\"https:\/\/childliberation.org\/es\/wisconsin-child-sex-traffickers-going-to-prison\/\" \/>\n<meta property=\"og:site_name\" content=\"Child Liberation Foundation\" \/>\n<meta property=\"article:publisher\" content=\"https:\/\/www.facebook.com\/LiberateAChild?mibextid=LQQJ4d\" \/>\n<meta property=\"article:published_time\" content=\"2023-07-28T22:30:03+00:00\" \/>\n<meta property=\"og:image\" content=\"https:\/\/childliberation.org\/wp-content\/uploads\/2023\/07\/traffickers_jailed.webp\" \/>\n\t<meta property=\"og:image:width\" content=\"1920\" \/>\n\t<meta property=\"og:image:height\" content=\"1080\" \/>\n\t<meta property=\"og:image:type\" content=\"image\/webp\" \/>\n<meta name=\"author\" content=\"Matt Petersen\" \/>\n<meta name=\"twitter:card\" content=\"summary_large_image\" \/>\n<meta name=\"twitter:creator\" content=\"@CLF_Org\" \/>\n<meta name=\"twitter:site\" content=\"@CLF_Org\" \/>\n<meta name=\"twitter:label1\" content=\"Escrito por\" \/>\n\t<meta name=\"twitter:data1\" content=\"Matt Petersen\" \/>\n\t<meta name=\"twitter:label2\" content=\"Tiempo de lectura\" \/>\n\t<meta name=\"twitter:data2\" content=\"2 minutos\" \/>\n<script type=\"application\/ld+json\" class=\"yoast-schema-graph\">{\"@context\":\"https:\/\/schema.org\",\"@graph\":[{\"@type\":\"Article\",\"@id\":\"https:\/\/childliberation.org\/wisconsin-child-sex-traffickers-going-to-prison\/#article\",\"isPartOf\":{\"@id\":\"https:\/\/childliberation.org\/wisconsin-child-sex-traffickers-going-to-prison\/\"},\"author\":{\"name\":\"Matt Petersen\",\"@id\":\"https:\/\/childliberation.org\/#\/schema\/person\/ba86e5bff5cb88b12eefdbf67af0d6e1\"},\"headline\":\"Wisconsin Child Sex Traffickers Going To Prison\",\"datePublished\":\"2023-07-28T22:30:03+00:00\",\"dateModified\":\"2023-07-28T22:30:03+00:00\",\"mainEntityOfPage\":{\"@id\":\"https:\/\/childliberation.org\/wisconsin-child-sex-traffickers-going-to-prison\/\"},\"wordCount\":411,\"commentCount\":0,\"publisher\":{\"@id\":\"https:\/\/childliberation.org\/#organization\"},\"image\":{\"@id\":\"https:\/\/childliberation.org\/wisconsin-child-sex-traffickers-going-to-prison\/#primaryimage\"},\"thumbnailUrl\":\"https:\/\/childliberation.org\/wp-content\/uploads\/2023\/07\/traffickers_jailed.webp\",\"keywords\":[\"awareness\",\"children\",\"involved\",\"law\",\"safety\",\"tips\"],\"articleSection\":[\"Blog\"],\"inLanguage\":\"es-CO\",\"potentialAction\":[{\"@type\":\"CommentAction\",\"name\":\"Comment\",\"target\":[\"https:\/\/childliberation.org\/wisconsin-child-sex-traffickers-going-to-prison\/#respond\"]}]},{\"@type\":\"WebPage\",\"@id\":\"https:\/\/childliberation.org\/wisconsin-child-sex-traffickers-going-to-prison\/\",\"url\":\"https:\/\/childliberation.org\/wisconsin-child-sex-traffickers-going-to-prison\/\",\"name\":\"Wisconsin Child Sex Traffickers Going To Prison | Child Liberation Foundation\",\"isPartOf\":{\"@id\":\"https:\/\/childliberation.org\/#website\"},\"primaryImageOfPage\":{\"@id\":\"https:\/\/childliberation.org\/wisconsin-child-sex-traffickers-going-to-prison\/#primaryimage\"},\"image\":{\"@id\":\"https:\/\/childliberation.org\/wisconsin-child-sex-traffickers-going-to-prison\/#primaryimage\"},\"thumbnailUrl\":\"https:\/\/childliberation.org\/wp-content\/uploads\/2023\/07\/traffickers_jailed.webp\",\"datePublished\":\"2023-07-28T22:30:03+00:00\",\"dateModified\":\"2023-07-28T22:30:03+00:00\",\"breadcrumb\":{\"@id\":\"https:\/\/childliberation.org\/wisconsin-child-sex-traffickers-going-to-prison\/#breadcrumb\"},\"inLanguage\":\"es-CO\",\"potentialAction\":[{\"@type\":\"ReadAction\",\"target\":[\"https:\/\/childliberation.org\/wisconsin-child-sex-traffickers-going-to-prison\/\"]}]},{\"@type\":\"ImageObject\",\"inLanguage\":\"es-CO\",\"@id\":\"https:\/\/childliberation.org\/wisconsin-child-sex-traffickers-going-to-prison\/#primaryimage\",\"url\":\"https:\/\/childliberation.org\/wp-content\/uploads\/2023\/07\/traffickers_jailed.webp\",\"contentUrl\":\"https:\/\/childliberation.org\/wp-content\/uploads\/2023\/07\/traffickers_jailed.webp\",\"width\":1920,\"height\":1080},{\"@type\":\"BreadcrumbList\",\"@id\":\"https:\/\/childliberation.org\/wisconsin-child-sex-traffickers-going-to-prison\/#breadcrumb\",\"itemListElement\":[{\"@type\":\"ListItem\",\"position\":1,\"name\":\"Home\",\"item\":\"https:\/\/childliberation.org\/\"},{\"@type\":\"ListItem\",\"position\":2,\"name\":\"Wisconsin Child Sex Traffickers Going To Prison\"}]},{\"@type\":\"WebSite\",\"@id\":\"https:\/\/childliberation.org\/#website\",\"url\":\"https:\/\/childliberation.org\/\",\"name\":\"Childliberation.org\",\"description\":\"Liberating the world one child at a time\",\"publisher\":{\"@id\":\"https:\/\/childliberation.org\/#organization\"},\"alternateName\":\"CLF\",\"potentialAction\":[{\"@type\":\"SearchAction\",\"target\":{\"@type\":\"EntryPoint\",\"urlTemplate\":\"https:\/\/childliberation.org\/?s={search_term_string}\"},\"query-input\":{\"@type\":\"PropertyValueSpecification\",\"valueRequired\":true,\"valueName\":\"search_term_string\"}}],\"inLanguage\":\"es-CO\"},{\"@type\":\"Organization\",\"@id\":\"https:\/\/childliberation.org\/#organization\",\"name\":\"Child Liberation Foundation\",\"alternateName\":\"CLF\",\"url\":\"https:\/\/childliberation.org\/\",\"logo\":{\"@type\":\"ImageObject\",\"inLanguage\":\"es-CO\",\"@id\":\"https:\/\/childliberation.org\/#\/schema\/logo\/image\/\",\"url\":\"https:\/\/childliberation.org\/wp-content\/uploads\/2024\/12\/CLF-Logo-square.webp\",\"contentUrl\":\"https:\/\/childliberation.org\/wp-content\/uploads\/2024\/12\/CLF-Logo-square.webp\",\"width\":1081,\"height\":1081,\"caption\":\"Child Liberation Foundation\"},\"image\":{\"@id\":\"https:\/\/childliberation.org\/#\/schema\/logo\/image\/\"},\"sameAs\":[\"https:\/\/www.facebook.com\/LiberateAChild?mibextid=LQQJ4d\",\"https:\/\/x.com\/CLF_Org\",\"https:\/\/www.youtube.com\/@childliberationfoundation\",\"https:\/\/www.instagram.com\/childliberationfoundation\/\",\"https:\/\/www.tiktok.com\/@childliberationorg\"],\"description\":\"The Child Liberation Foundation was founded in February 2017 with a passion and commitment to end child trafficking around the world. In 2023 we have expanded our efforts to not only doing child rescue missions but also in focusing on the rehabilitation and healing of childhood sexual trauma by providing tools, modalities, awareness and education.\",\"email\":\"contact@childliberation.org\",\"legalName\":\"Child Liberation Foundation\",\"foundingDate\":\"2017-02-14\",\"numberOfEmployees\":{\"@type\":\"QuantitativeValue\",\"minValue\":\"11\",\"maxValue\":\"50\"}},{\"@type\":\"Person\",\"@id\":\"https:\/\/childliberation.org\/#\/schema\/person\/ba86e5bff5cb88b12eefdbf67af0d6e1\",\"name\":\"Matt Petersen\",\"image\":{\"@type\":\"ImageObject\",\"inLanguage\":\"es-CO\",\"@id\":\"https:\/\/childliberation.org\/#\/schema\/person\/image\/\",\"url\":\"https:\/\/secure.gravatar.com\/avatar\/0558a2104614d177e0418f66254412b4163dd10635c8ba006cc71ac56d649fdd?s=96&d=mm&r=g\",\"contentUrl\":\"https:\/\/secure.gravatar.com\/avatar\/0558a2104614d177e0418f66254412b4163dd10635c8ba006cc71ac56d649fdd?s=96&d=mm&r=g\",\"caption\":\"Matt Petersen\"},\"url\":\"https:\/\/childliberation.org\/es\/author\/mattpetersen\/\"}]}<\/script>\n<!-- \/ Yoast SEO Premium plugin. -->","yoast_head_json":{"title":"Wisconsin Child Sex Traffickers Going To Prison | Child Liberation Foundation","robots":{"index":"index","follow":"follow","max-snippet":"max-snippet:-1","max-image-preview":"max-image-preview:large","max-video-preview":"max-video-preview:-1"},"canonical":"https:\/\/childliberation.org\/es\/wisconsin-child-sex-traffickers-going-to-prison\/","og_locale":"es_ES","og_type":"article","og_title":"Child Liberation Foundation","og_description":"The Child Liberation Foundation was founded in February 2017 with a passion and commitment to end child trafficking around the world. In 2023 we have expanded our efforts to not only doing child rescue missions but also in focusing on the rehabilitation and healing of childhood sexual trauma by providing tools, modalities, awareness and education.","og_url":"https:\/\/childliberation.org\/es\/wisconsin-child-sex-traffickers-going-to-prison\/","og_site_name":"Child Liberation Foundation","article_publisher":"https:\/\/www.facebook.com\/LiberateAChild?mibextid=LQQJ4d","article_published_time":"2023-07-28T22:30:03+00:00","og_image":[{"width":1920,"height":1080,"url":"https:\/\/childliberation.org\/wp-content\/uploads\/2023\/07\/traffickers_jailed.webp","type":"image\/webp"}],"author":"Matt Petersen","twitter_card":"summary_large_image","twitter_creator":"@CLF_Org","twitter_site":"@CLF_Org","twitter_misc":{"Escrito por":"Matt Petersen","Tiempo de lectura":"2 minutos"},"schema":{"@context":"https:\/\/schema.org","@graph":[{"@type":"Article","@id":"https:\/\/childliberation.org\/wisconsin-child-sex-traffickers-going-to-prison\/#article","isPartOf":{"@id":"https:\/\/childliberation.org\/wisconsin-child-sex-traffickers-going-to-prison\/"},"author":{"name":"Matt Petersen","@id":"https:\/\/childliberation.org\/#\/schema\/person\/ba86e5bff5cb88b12eefdbf67af0d6e1"},"headline":"Wisconsin Child Sex Traffickers Going To Prison","datePublished":"2023-07-28T22:30:03+00:00","dateModified":"2023-07-28T22:30:03+00:00","mainEntityOfPage":{"@id":"https:\/\/childliberation.org\/wisconsin-child-sex-traffickers-going-to-prison\/"},"wordCount":411,"commentCount":0,"publisher":{"@id":"https:\/\/childliberation.org\/#organization"},"image":{"@id":"https:\/\/childliberation.org\/wisconsin-child-sex-traffickers-going-to-prison\/#primaryimage"},"thumbnailUrl":"https:\/\/childliberation.org\/wp-content\/uploads\/2023\/07\/traffickers_jailed.webp","keywords":["awareness","children","involved","law","safety","tips"],"articleSection":["Blog"],"inLanguage":"es-CO","potentialAction":[{"@type":"CommentAction","name":"Comment","target":["https:\/\/childliberation.org\/wisconsin-child-sex-traffickers-going-to-prison\/#respond"]}]},{"@type":"WebPage","@id":"https:\/\/childliberation.org\/wisconsin-child-sex-traffickers-going-to-prison\/","url":"https:\/\/childliberation.org\/wisconsin-child-sex-traffickers-going-to-prison\/","name":"Wisconsin Child Sex Traffickers Going To Prison | Child Liberation Foundation","isPartOf":{"@id":"https:\/\/childliberation.org\/#website"},"primaryImageOfPage":{"@id":"https:\/\/childliberation.org\/wisconsin-child-sex-traffickers-going-to-prison\/#primaryimage"},"image":{"@id":"https:\/\/childliberation.org\/wisconsin-child-sex-traffickers-going-to-prison\/#primaryimage"},"thumbnailUrl":"https:\/\/childliberation.org\/wp-content\/uploads\/2023\/07\/traffickers_jailed.webp","datePublished":"2023-07-28T22:30:03+00:00","dateModified":"2023-07-28T22:30:03+00:00","breadcrumb":{"@id":"https:\/\/childliberation.org\/wisconsin-child-sex-traffickers-going-to-prison\/#breadcrumb"},"inLanguage":"es-CO","potentialAction":[{"@type":"ReadAction","target":["https:\/\/childliberation.org\/wisconsin-child-sex-traffickers-going-to-prison\/"]}]},{"@type":"ImageObject","inLanguage":"es-CO","@id":"https:\/\/childliberation.org\/wisconsin-child-sex-traffickers-going-to-prison\/#primaryimage","url":"https:\/\/childliberation.org\/wp-content\/uploads\/2023\/07\/traffickers_jailed.webp","contentUrl":"https:\/\/childliberation.org\/wp-content\/uploads\/2023\/07\/traffickers_jailed.webp","width":1920,"height":1080},{"@type":"BreadcrumbList","@id":"https:\/\/childliberation.org\/wisconsin-child-sex-traffickers-going-to-prison\/#breadcrumb","itemListElement":[{"@type":"ListItem","position":1,"name":"Home","item":"https:\/\/childliberation.org\/"},{"@type":"ListItem","position":2,"name":"Wisconsin Child Sex Traffickers Going To Prison"}]},{"@type":"WebSite","@id":"https:\/\/childliberation.org\/#website","url":"https:\/\/childliberation.org\/","name":"Childliberation.org","description":"Liberando al mundo un ni\u00f1o a la vez","publisher":{"@id":"https:\/\/childliberation.org\/#organization"},"alternateName":"CLF","potentialAction":[{"@type":"SearchAction","target":{"@type":"EntryPoint","urlTemplate":"https:\/\/childliberation.org\/?s={search_term_string}"},"query-input":{"@type":"PropertyValueSpecification","valueRequired":true,"valueName":"search_term_string"}}],"inLanguage":"es-CO"},{"@type":"Organization","@id":"https:\/\/childliberation.org\/#organization","name":"Fundaci\u00f3n Child Liberation","alternateName":"CLF","url":"https:\/\/childliberation.org\/","logo":{"@type":"ImageObject","inLanguage":"es-CO","@id":"https:\/\/childliberation.org\/#\/schema\/logo\/image\/","url":"https:\/\/childliberation.org\/wp-content\/uploads\/2024\/12\/CLF-Logo-square.webp","contentUrl":"https:\/\/childliberation.org\/wp-content\/uploads\/2024\/12\/CLF-Logo-square.webp","width":1081,"height":1081,"caption":"Child Liberation Foundation"},"image":{"@id":"https:\/\/childliberation.org\/#\/schema\/logo\/image\/"},"sameAs":["https:\/\/www.facebook.com\/LiberateAChild?mibextid=LQQJ4d","https:\/\/x.com\/CLF_Org","https:\/\/www.youtube.com\/@childliberationfoundation","https:\/\/www.instagram.com\/childliberationfoundation\/","https:\/\/www.tiktok.com\/@childliberationorg"],"description":"La Child Liberation Foundation se fund\u00f3 en febrero de 2017 con la pasi\u00f3n y el compromiso de poner fin a la trata de ni\u00f1os en todo el mundo. En 2023, hemos ampliado nuestros esfuerzos no solo para realizar misiones de rescate infantil, sino tambi\u00e9n para centrarnos en la rehabilitaci\u00f3n y curaci\u00f3n del trauma sexual infantil proporcionando herramientas, modalidades, concientizaci\u00f3n y educaci\u00f3n.","email":"contact@childliberation.org","legalName":"Child Liberation Foundation","foundingDate":"2017-02-14","numberOfEmployees":{"@type":"QuantitativeValue","minValue":"11","maxValue":"50"}},{"@type":"Person","@id":"https:\/\/childliberation.org\/#\/schema\/person\/ba86e5bff5cb88b12eefdbf67af0d6e1","name":"Matt Petersen","image":{"@type":"ImageObject","inLanguage":"es-CO","@id":"https:\/\/childliberation.org\/#\/schema\/person\/image\/","url":"https:\/\/secure.gravatar.com\/avatar\/0558a2104614d177e0418f66254412b4163dd10635c8ba006cc71ac56d649fdd?s=96&d=mm&r=g","contentUrl":"https:\/\/secure.gravatar.com\/avatar\/0558a2104614d177e0418f66254412b4163dd10635c8ba006cc71ac56d649fdd?s=96&d=mm&r=g","caption":"Matt Petersen"},"url":"https:\/\/childliberation.org\/es\/author\/mattpetersen\/"}]}},"jetpack_featured_media_url":"https:\/\/childliberation.org\/wp-content\/uploads\/2023\/07\/traffickers_jailed.webp","jetpack_sharing_enabled":true,"_links":{"self":[{"href":"https:\/\/childliberation.org\/es\/wp-json\/wp\/v2\/posts\/16281","targetHints":{"allow":["GET"]}}],"collection":[{"href":"https:\/\/childliberation.org\/es\/wp-json\/wp\/v2\/posts"}],"about":[{"href":"https:\/\/childliberation.org\/es\/wp-json\/wp\/v2\/types\/post"}],"author":[{"embeddable":true,"href":"https:\/\/childliberation.org\/es\/wp-json\/wp\/v2\/users\/3"}],"replies":[{"embeddable":true,"href":"https:\/\/childliberation.org\/es\/wp-json\/wp\/v2\/comments?post=16281"}],"version-history":[{"count":0,"href":"https:\/\/childliberation.org\/es\/wp-json\/wp\/v2\/posts\/16281\/revisions"}],"wp:featuredmedia":[{"embeddable":true,"href":"https:\/\/childliberation.org\/es\/wp-json\/wp\/v2\/media\/16282"}],"wp:attachment":[{"href":"https:\/\/childliberation.org\/es\/wp-json\/wp\/v2\/media?parent=16281"}],"wp:term":[{"taxonomy":"category","embeddable":true,"href":"https:\/\/childliberation.org\/es\/wp-json\/wp\/v2\/categories?post=16281"},{"taxonomy":"post_tag","embeddable":true,"href":"https:\/\/childliberation.org\/es\/wp-json\/wp\/v2\/tags?post=16281"}],"curies":[{"name":"wp","href":"https:\/\/api.w.org\/{rel}","templated":true}]}}