{"id":21990,"date":"2025-06-02T06:43:56","date_gmt":"2025-06-02T11:43:56","guid":{"rendered":"https:\/\/childliberation.org\/?p=21990"},"modified":"2025-06-02T06:47:36","modified_gmt":"2025-06-02T11:47:36","slug":"intersectoral-roundtable-against-the-sexual-exploitation-of-children","status":"publish","type":"post","link":"https:\/\/childliberation.org\/es\/intersectoral-roundtable-against-the-sexual-exploitation-of-children\/","title":{"rendered":"CLF Participates in the Intersectoral Roundtable Against the Sexual Exploitation of Children and Adolescents"},"content":{"rendered":"<p>El <strong>Child Liberation Foundation (CLF)<\/strong> was honored to participate in the Intersectoral Roundtable Against the Sexual Exploitation of Children and Adolescents (ESCNNA), held on <strong>May 22, 2025<\/strong>, in Medell\u00edn. The session took place at the <strong>Faculty of Public Health of the University of Antioquia<\/strong>, following an invitation from <strong>Jazm\u00edn Santa<\/strong>, who contacted CLF via the foundation&#8217;s official social media channels. CLF was represented by <strong>psychologist Andr\u00e9s Fl\u00f3rez<\/strong>.<\/p>\n\n\n\n<figure class=\"wp-block-image aligncenter size-full\"><img fetchpriority=\"high\" decoding=\"async\" width=\"415\" height=\"313\" src=\"https:\/\/childliberation.org\/wp-content\/uploads\/2025\/06\/Screenshot-2025-06-02-180143.png\" alt=\"\" class=\"wp-image-21993\" srcset=\"https:\/\/childliberation.org\/wp-content\/uploads\/2025\/06\/Screenshot-2025-06-02-180143.png 415w, https:\/\/childliberation.org\/wp-content\/uploads\/2025\/06\/Screenshot-2025-06-02-180143-300x226.png 300w, https:\/\/childliberation.org\/wp-content\/uploads\/2025\/06\/Screenshot-2025-06-02-180143-16x12.png 16w\" sizes=\"(max-width: 415px) 100vw, 415px\" \/><\/figure>\n\n\n\n<h2 class=\"wp-block-heading\" id=\"h-addressing-challenges-in-preventing-child-sexual-exploitation-in-colombia\">Addressing Challenges in Preventing Child Sexual Exploitation in Colombia<\/h2>\n\n\n\n<p>The Intersectoral Roundtable brought together key actors from various institutions to evaluate the current state of efforts to <strong>prevent and respond to child sexual exploitation in Colombia<\/strong>. Participants collaborated in small working groups to assess institutional strengths and weaknesses. Key concerns raised included:<\/p>\n\n\n\n<ul class=\"wp-block-list\">\n<li>Lack of sustained political will to address exploitation structurally<\/li>\n\n\n\n<li>Absence of a unified national registry for reporting abuse cases<\/li>\n\n\n\n<li>Shortage of trained, specialized personnel to support victims<\/li>\n\n\n\n<li>Extremely high impunity rates, with up to <strong>95% of cases going unpunished<\/strong><\/li>\n\n\n\n<li>Bureaucratic delays that hinder timely access to justice<\/li>\n\n\n\n<li>Lenient sentencing in sexual crimes against minors<\/li>\n<\/ul>\n\n\n\n<figure class=\"wp-block-image aligncenter size-full\"><img decoding=\"async\" width=\"414\" height=\"335\" src=\"https:\/\/childliberation.org\/wp-content\/uploads\/2025\/06\/Screenshot-2025-06-02-180329.png\" alt=\"\" class=\"wp-image-21991\" srcset=\"https:\/\/childliberation.org\/wp-content\/uploads\/2025\/06\/Screenshot-2025-06-02-180329.png 414w, https:\/\/childliberation.org\/wp-content\/uploads\/2025\/06\/Screenshot-2025-06-02-180329-300x243.png 300w, https:\/\/childliberation.org\/wp-content\/uploads\/2025\/06\/Screenshot-2025-06-02-180329-15x12.png 15w\" sizes=\"(max-width: 414px) 100vw, 414px\" \/><\/figure>\n\n\n\n<h2 class=\"wp-block-heading\" id=\"h-building-strategic-alliances-to-protect-children\">Building Strategic Alliances to Protect Children<\/h2>\n\n\n\n<p>During the Intersectoral Roundtable, CLF established new connections with other organizations, including <strong>Fundaci\u00f3n Lucerito<\/strong>, led by <strong>Ingrid Wolff<\/strong>. With over 20 years of experience in child abuse prevention, Lucerito expressed interest in <strong>collaborative efforts with CLF<\/strong> to strengthen inter-institutional networks and knowledge sharing.<\/p>\n\n\n\n<p>Psychologist <strong>Andr\u00e9s Fl\u00f3rez<\/strong> also joined two thematic commissions within the ESCNNA working group: <strong>Knowledge Management<\/strong> y <strong>Prevenci\u00f3n<\/strong>. He now awaits confirmation of future meetings to engage in continued intersectoral coordination.<\/p>\n\n\n\n<h2 class=\"wp-block-heading\" id=\"h-our-ongoing-commitment\">Our Ongoing Commitment<\/h2>\n\n\n\n<p>El <strong>Fundaci\u00f3n Child Liberation<\/strong> remains deeply committed to the <strong>protection of children&#8217;s rights<\/strong> and views <strong>collaboration between government bodies, civil society, and NGOs<\/strong> as vital to eradicating sexual violence against minors. We believe that only through united, structured, and informed action can we create lasting change.<\/p>","protected":false},"excerpt":{"rendered":"<p>The Child Liberation Foundation (CLF) was honored to participate in the Intersectoral Roundtable Against the Sexual Exploitation of Children and Adolescents (ESCNNA), held on May 22, 2025, in Medell\u00edn. The session took place at the Faculty of Public Health of the University of Antioquia, following an invitation from Jazm\u00edn Santa, who contacted CLF via the [&hellip;]<\/p>\n","protected":false},"author":4,"featured_media":21992,"comment_status":"open","ping_status":"open","sticky":false,"template":"","format":"standard","meta":{"give_campaign_id":0,"_jetpack_memberships_contains_paid_content":false,"footnotes":""},"categories":[105],"tags":[111,108,106,107,109,110],"class_list":["post-21990","post","type-post","status-publish","format-standard","has-post-thumbnail","hentry","category-good-news","tag-andres-florez","tag-child-liberation-foundation","tag-escnna","tag-intersectoral-roundtable","tag-jazmin-santa","tag-university-of-antioquia"],"yoast_head":"<!-- This site is optimized with the Yoast SEO Premium plugin v24.0 (Yoast SEO v24.0) - https:\/\/yoast.com\/wordpress\/plugins\/seo\/ -->\n<title>Intersectoral Roundtable Against the Sexual Exploitation of Children<\/title>\n<meta name=\"description\" content=\"The CLF was honored to participate in the Intersectoral Roundtable Against the Sexual Exploitation of Children and Adolescents (ESCNNA)\" \/>\n<meta name=\"robots\" content=\"index, follow, max-snippet:-1, max-image-preview:large, max-video-preview:-1\" \/>\n<link rel=\"canonical\" href=\"https:\/\/childliberation.org\/es\/intersectoral-roundtable-against-the-sexual-exploitation-of-children\/\" \/>\n<meta property=\"og:locale\" content=\"es_ES\" \/>\n<meta property=\"og:type\" content=\"article\" \/>\n<meta property=\"og:title\" content=\"Child Liberation Foundation\" \/>\n<meta property=\"og:description\" content=\"The Child Liberation Foundation was founded in February 2017 with a passion and commitment to end child trafficking around the world. In 2023 we have expanded our efforts to not only doing child rescue missions but also in focusing on the rehabilitation and healing of childhood sexual trauma by providing tools, modalities, awareness and education.\" \/>\n<meta property=\"og:url\" content=\"https:\/\/childliberation.org\/es\/intersectoral-roundtable-against-the-sexual-exploitation-of-children\/\" \/>\n<meta property=\"og:site_name\" content=\"Child Liberation Foundation\" \/>\n<meta property=\"article:publisher\" content=\"https:\/\/www.facebook.com\/LiberateAChild?mibextid=LQQJ4d\" \/>\n<meta property=\"article:published_time\" content=\"2025-06-02T11:43:56+00:00\" \/>\n<meta property=\"article:modified_time\" content=\"2025-06-02T11:47:36+00:00\" \/>\n<meta property=\"og:image\" content=\"https:\/\/childliberation.org\/wp-content\/uploads\/2025\/06\/Screenshot-2025-06-02-180014.png\" \/>\n\t<meta property=\"og:image:width\" content=\"601\" \/>\n\t<meta property=\"og:image:height\" content=\"504\" \/>\n\t<meta property=\"og:image:type\" content=\"image\/png\" \/>\n<meta name=\"author\" content=\"Luke Gibney\" \/>\n<meta name=\"twitter:card\" content=\"summary_large_image\" \/>\n<meta name=\"twitter:creator\" content=\"@CLF_Org\" \/>\n<meta name=\"twitter:site\" content=\"@CLF_Org\" \/>\n<meta name=\"twitter:label1\" content=\"Escrito por\" \/>\n\t<meta name=\"twitter:data1\" content=\"Luke Gibney\" \/>\n\t<meta name=\"twitter:label2\" content=\"Tiempo de lectura\" \/>\n\t<meta name=\"twitter:data2\" content=\"2 minutos\" \/>\n<script type=\"application\/ld+json\" class=\"yoast-schema-graph\">{\"@context\":\"https:\/\/schema.org\",\"@graph\":[{\"@type\":\"Article\",\"@id\":\"https:\/\/childliberation.org\/intersectoral-roundtable-against-the-sexual-exploitation-of-children\/#article\",\"isPartOf\":{\"@id\":\"https:\/\/childliberation.org\/intersectoral-roundtable-against-the-sexual-exploitation-of-children\/\"},\"author\":{\"name\":\"Luke Gibney\",\"@id\":\"https:\/\/childliberation.org\/#\/schema\/person\/d3d1115b19cab7805d5814a8999e25dc\"},\"headline\":\"CLF Participates in the Intersectoral Roundtable Against the Sexual Exploitation of Children and Adolescents\",\"datePublished\":\"2025-06-02T11:43:56+00:00\",\"dateModified\":\"2025-06-02T11:47:36+00:00\",\"mainEntityOfPage\":{\"@id\":\"https:\/\/childliberation.org\/intersectoral-roundtable-against-the-sexual-exploitation-of-children\/\"},\"wordCount\":320,\"commentCount\":0,\"publisher\":{\"@id\":\"https:\/\/childliberation.org\/#organization\"},\"image\":{\"@id\":\"https:\/\/childliberation.org\/intersectoral-roundtable-against-the-sexual-exploitation-of-children\/#primaryimage\"},\"thumbnailUrl\":\"https:\/\/childliberation.org\/wp-content\/uploads\/2025\/06\/Screenshot-2025-06-02-180014.png\",\"keywords\":[\"Andr\u00e9s Fl\u00f3rez\",\"Child Liberation Foundation\",\"ESCNNA\",\"Intersectoral Roundtable\",\"Jazm\u00edn Santa\",\"University of Antioquia\"],\"articleSection\":[\"Good News\"],\"inLanguage\":\"es-CO\",\"potentialAction\":[{\"@type\":\"CommentAction\",\"name\":\"Comment\",\"target\":[\"https:\/\/childliberation.org\/intersectoral-roundtable-against-the-sexual-exploitation-of-children\/#respond\"]}]},{\"@type\":\"WebPage\",\"@id\":\"https:\/\/childliberation.org\/intersectoral-roundtable-against-the-sexual-exploitation-of-children\/\",\"url\":\"https:\/\/childliberation.org\/intersectoral-roundtable-against-the-sexual-exploitation-of-children\/\",\"name\":\"Intersectoral Roundtable Against the Sexual Exploitation of Children\",\"isPartOf\":{\"@id\":\"https:\/\/childliberation.org\/#website\"},\"primaryImageOfPage\":{\"@id\":\"https:\/\/childliberation.org\/intersectoral-roundtable-against-the-sexual-exploitation-of-children\/#primaryimage\"},\"image\":{\"@id\":\"https:\/\/childliberation.org\/intersectoral-roundtable-against-the-sexual-exploitation-of-children\/#primaryimage\"},\"thumbnailUrl\":\"https:\/\/childliberation.org\/wp-content\/uploads\/2025\/06\/Screenshot-2025-06-02-180014.png\",\"datePublished\":\"2025-06-02T11:43:56+00:00\",\"dateModified\":\"2025-06-02T11:47:36+00:00\",\"description\":\"The CLF was honored to participate in the Intersectoral Roundtable Against the Sexual Exploitation of Children and Adolescents (ESCNNA)\",\"breadcrumb\":{\"@id\":\"https:\/\/childliberation.org\/intersectoral-roundtable-against-the-sexual-exploitation-of-children\/#breadcrumb\"},\"inLanguage\":\"es-CO\",\"potentialAction\":[{\"@type\":\"ReadAction\",\"target\":[\"https:\/\/childliberation.org\/intersectoral-roundtable-against-the-sexual-exploitation-of-children\/\"]}]},{\"@type\":\"ImageObject\",\"inLanguage\":\"es-CO\",\"@id\":\"https:\/\/childliberation.org\/intersectoral-roundtable-against-the-sexual-exploitation-of-children\/#primaryimage\",\"url\":\"https:\/\/childliberation.org\/wp-content\/uploads\/2025\/06\/Screenshot-2025-06-02-180014.png\",\"contentUrl\":\"https:\/\/childliberation.org\/wp-content\/uploads\/2025\/06\/Screenshot-2025-06-02-180014.png\",\"width\":601,\"height\":504},{\"@type\":\"BreadcrumbList\",\"@id\":\"https:\/\/childliberation.org\/intersectoral-roundtable-against-the-sexual-exploitation-of-children\/#breadcrumb\",\"itemListElement\":[{\"@type\":\"ListItem\",\"position\":1,\"name\":\"Home\",\"item\":\"https:\/\/childliberation.org\/\"},{\"@type\":\"ListItem\",\"position\":2,\"name\":\"CLF Participates in the Intersectoral Roundtable Against the Sexual Exploitation of Children and Adolescents\"}]},{\"@type\":\"WebSite\",\"@id\":\"https:\/\/childliberation.org\/#website\",\"url\":\"https:\/\/childliberation.org\/\",\"name\":\"Childliberation.org\",\"description\":\"Liberating the world one child at a time\",\"publisher\":{\"@id\":\"https:\/\/childliberation.org\/#organization\"},\"alternateName\":\"CLF\",\"potentialAction\":[{\"@type\":\"SearchAction\",\"target\":{\"@type\":\"EntryPoint\",\"urlTemplate\":\"https:\/\/childliberation.org\/?s={search_term_string}\"},\"query-input\":{\"@type\":\"PropertyValueSpecification\",\"valueRequired\":true,\"valueName\":\"search_term_string\"}}],\"inLanguage\":\"es-CO\"},{\"@type\":\"Organization\",\"@id\":\"https:\/\/childliberation.org\/#organization\",\"name\":\"Child Liberation Foundation\",\"alternateName\":\"CLF\",\"url\":\"https:\/\/childliberation.org\/\",\"logo\":{\"@type\":\"ImageObject\",\"inLanguage\":\"es-CO\",\"@id\":\"https:\/\/childliberation.org\/#\/schema\/logo\/image\/\",\"url\":\"https:\/\/childliberation.org\/wp-content\/uploads\/2024\/12\/CLF-Logo-square.webp\",\"contentUrl\":\"https:\/\/childliberation.org\/wp-content\/uploads\/2024\/12\/CLF-Logo-square.webp\",\"width\":1081,\"height\":1081,\"caption\":\"Child Liberation Foundation\"},\"image\":{\"@id\":\"https:\/\/childliberation.org\/#\/schema\/logo\/image\/\"},\"sameAs\":[\"https:\/\/www.facebook.com\/LiberateAChild?mibextid=LQQJ4d\",\"https:\/\/x.com\/CLF_Org\",\"https:\/\/www.youtube.com\/@childliberationfoundation\",\"https:\/\/www.instagram.com\/childliberationfoundation\/\",\"https:\/\/www.tiktok.com\/@childliberationorg\"],\"description\":\"The Child Liberation Foundation was founded in February 2017 with a passion and commitment to end child trafficking around the world. In 2023 we have expanded our efforts to not only doing child rescue missions but also in focusing on the rehabilitation and healing of childhood sexual trauma by providing tools, modalities, awareness and education.\",\"email\":\"contact@childliberation.org\",\"legalName\":\"Child Liberation Foundation\",\"foundingDate\":\"2017-02-14\",\"numberOfEmployees\":{\"@type\":\"QuantitativeValue\",\"minValue\":\"11\",\"maxValue\":\"50\"}},{\"@type\":\"Person\",\"@id\":\"https:\/\/childliberation.org\/#\/schema\/person\/d3d1115b19cab7805d5814a8999e25dc\",\"name\":\"Luke Gibney\",\"image\":{\"@type\":\"ImageObject\",\"inLanguage\":\"es-CO\",\"@id\":\"https:\/\/childliberation.org\/#\/schema\/person\/image\/\",\"url\":\"https:\/\/secure.gravatar.com\/avatar\/571f5209c9a19a1bc4bb1c6a18bb8af48cc61fe3031f61534c2c5df58c6eea99?s=96&d=mm&r=g\",\"contentUrl\":\"https:\/\/secure.gravatar.com\/avatar\/571f5209c9a19a1bc4bb1c6a18bb8af48cc61fe3031f61534c2c5df58c6eea99?s=96&d=mm&r=g\",\"caption\":\"Luke Gibney\"},\"url\":\"https:\/\/childliberation.org\/es\/author\/luke-gibney\/\"}]}<\/script>\n<!-- \/ Yoast SEO Premium plugin. -->","yoast_head_json":{"title":"Intersectoral Roundtable Against the Sexual Exploitation of Children","description":"The CLF was honored to participate in the Intersectoral Roundtable Against the Sexual Exploitation of Children and Adolescents (ESCNNA)","robots":{"index":"index","follow":"follow","max-snippet":"max-snippet:-1","max-image-preview":"max-image-preview:large","max-video-preview":"max-video-preview:-1"},"canonical":"https:\/\/childliberation.org\/es\/intersectoral-roundtable-against-the-sexual-exploitation-of-children\/","og_locale":"es_ES","og_type":"article","og_title":"Child Liberation Foundation","og_description":"The Child Liberation Foundation was founded in February 2017 with a passion and commitment to end child trafficking around the world. In 2023 we have expanded our efforts to not only doing child rescue missions but also in focusing on the rehabilitation and healing of childhood sexual trauma by providing tools, modalities, awareness and education.","og_url":"https:\/\/childliberation.org\/es\/intersectoral-roundtable-against-the-sexual-exploitation-of-children\/","og_site_name":"Child Liberation Foundation","article_publisher":"https:\/\/www.facebook.com\/LiberateAChild?mibextid=LQQJ4d","article_published_time":"2025-06-02T11:43:56+00:00","article_modified_time":"2025-06-02T11:47:36+00:00","og_image":[{"width":601,"height":504,"url":"https:\/\/childliberation.org\/wp-content\/uploads\/2025\/06\/Screenshot-2025-06-02-180014.png","type":"image\/png"}],"author":"Luke Gibney","twitter_card":"summary_large_image","twitter_creator":"@CLF_Org","twitter_site":"@CLF_Org","twitter_misc":{"Escrito por":"Luke Gibney","Tiempo de lectura":"2 minutos"},"schema":{"@context":"https:\/\/schema.org","@graph":[{"@type":"Article","@id":"https:\/\/childliberation.org\/intersectoral-roundtable-against-the-sexual-exploitation-of-children\/#article","isPartOf":{"@id":"https:\/\/childliberation.org\/intersectoral-roundtable-against-the-sexual-exploitation-of-children\/"},"author":{"name":"Luke Gibney","@id":"https:\/\/childliberation.org\/#\/schema\/person\/d3d1115b19cab7805d5814a8999e25dc"},"headline":"CLF Participates in the Intersectoral Roundtable Against the Sexual Exploitation of Children and Adolescents","datePublished":"2025-06-02T11:43:56+00:00","dateModified":"2025-06-02T11:47:36+00:00","mainEntityOfPage":{"@id":"https:\/\/childliberation.org\/intersectoral-roundtable-against-the-sexual-exploitation-of-children\/"},"wordCount":320,"commentCount":0,"publisher":{"@id":"https:\/\/childliberation.org\/#organization"},"image":{"@id":"https:\/\/childliberation.org\/intersectoral-roundtable-against-the-sexual-exploitation-of-children\/#primaryimage"},"thumbnailUrl":"https:\/\/childliberation.org\/wp-content\/uploads\/2025\/06\/Screenshot-2025-06-02-180014.png","keywords":["Andr\u00e9s Fl\u00f3rez","Child Liberation Foundation","ESCNNA","Intersectoral Roundtable","Jazm\u00edn Santa","University of Antioquia"],"articleSection":["Good News"],"inLanguage":"es-CO","potentialAction":[{"@type":"CommentAction","name":"Comment","target":["https:\/\/childliberation.org\/intersectoral-roundtable-against-the-sexual-exploitation-of-children\/#respond"]}]},{"@type":"WebPage","@id":"https:\/\/childliberation.org\/intersectoral-roundtable-against-the-sexual-exploitation-of-children\/","url":"https:\/\/childliberation.org\/intersectoral-roundtable-against-the-sexual-exploitation-of-children\/","name":"Intersectoral Roundtable Against the Sexual Exploitation of Children","isPartOf":{"@id":"https:\/\/childliberation.org\/#website"},"primaryImageOfPage":{"@id":"https:\/\/childliberation.org\/intersectoral-roundtable-against-the-sexual-exploitation-of-children\/#primaryimage"},"image":{"@id":"https:\/\/childliberation.org\/intersectoral-roundtable-against-the-sexual-exploitation-of-children\/#primaryimage"},"thumbnailUrl":"https:\/\/childliberation.org\/wp-content\/uploads\/2025\/06\/Screenshot-2025-06-02-180014.png","datePublished":"2025-06-02T11:43:56+00:00","dateModified":"2025-06-02T11:47:36+00:00","description":"The CLF was honored to participate in the Intersectoral Roundtable Against the Sexual Exploitation of Children and Adolescents (ESCNNA)","breadcrumb":{"@id":"https:\/\/childliberation.org\/intersectoral-roundtable-against-the-sexual-exploitation-of-children\/#breadcrumb"},"inLanguage":"es-CO","potentialAction":[{"@type":"ReadAction","target":["https:\/\/childliberation.org\/intersectoral-roundtable-against-the-sexual-exploitation-of-children\/"]}]},{"@type":"ImageObject","inLanguage":"es-CO","@id":"https:\/\/childliberation.org\/intersectoral-roundtable-against-the-sexual-exploitation-of-children\/#primaryimage","url":"https:\/\/childliberation.org\/wp-content\/uploads\/2025\/06\/Screenshot-2025-06-02-180014.png","contentUrl":"https:\/\/childliberation.org\/wp-content\/uploads\/2025\/06\/Screenshot-2025-06-02-180014.png","width":601,"height":504},{"@type":"BreadcrumbList","@id":"https:\/\/childliberation.org\/intersectoral-roundtable-against-the-sexual-exploitation-of-children\/#breadcrumb","itemListElement":[{"@type":"ListItem","position":1,"name":"Home","item":"https:\/\/childliberation.org\/"},{"@type":"ListItem","position":2,"name":"CLF Participates in the Intersectoral Roundtable Against the Sexual Exploitation of Children and Adolescents"}]},{"@type":"WebSite","@id":"https:\/\/childliberation.org\/#website","url":"https:\/\/childliberation.org\/","name":"Childliberation.org","description":"Liberando al mundo un ni\u00f1o a la vez","publisher":{"@id":"https:\/\/childliberation.org\/#organization"},"alternateName":"CLF","potentialAction":[{"@type":"SearchAction","target":{"@type":"EntryPoint","urlTemplate":"https:\/\/childliberation.org\/?s={search_term_string}"},"query-input":{"@type":"PropertyValueSpecification","valueRequired":true,"valueName":"search_term_string"}}],"inLanguage":"es-CO"},{"@type":"Organization","@id":"https:\/\/childliberation.org\/#organization","name":"Fundaci\u00f3n Child Liberation","alternateName":"CLF","url":"https:\/\/childliberation.org\/","logo":{"@type":"ImageObject","inLanguage":"es-CO","@id":"https:\/\/childliberation.org\/#\/schema\/logo\/image\/","url":"https:\/\/childliberation.org\/wp-content\/uploads\/2024\/12\/CLF-Logo-square.webp","contentUrl":"https:\/\/childliberation.org\/wp-content\/uploads\/2024\/12\/CLF-Logo-square.webp","width":1081,"height":1081,"caption":"Child Liberation Foundation"},"image":{"@id":"https:\/\/childliberation.org\/#\/schema\/logo\/image\/"},"sameAs":["https:\/\/www.facebook.com\/LiberateAChild?mibextid=LQQJ4d","https:\/\/x.com\/CLF_Org","https:\/\/www.youtube.com\/@childliberationfoundation","https:\/\/www.instagram.com\/childliberationfoundation\/","https:\/\/www.tiktok.com\/@childliberationorg"],"description":"La Child Liberation Foundation se fund\u00f3 en febrero de 2017 con la pasi\u00f3n y el compromiso de poner fin a la trata de ni\u00f1os en todo el mundo. En 2023, hemos ampliado nuestros esfuerzos no solo para realizar misiones de rescate infantil, sino tambi\u00e9n para centrarnos en la rehabilitaci\u00f3n y curaci\u00f3n del trauma sexual infantil proporcionando herramientas, modalidades, concientizaci\u00f3n y educaci\u00f3n.","email":"contact@childliberation.org","legalName":"Child Liberation Foundation","foundingDate":"2017-02-14","numberOfEmployees":{"@type":"QuantitativeValue","minValue":"11","maxValue":"50"}},{"@type":"Person","@id":"https:\/\/childliberation.org\/#\/schema\/person\/d3d1115b19cab7805d5814a8999e25dc","name":"Lucas Gibney","image":{"@type":"ImageObject","inLanguage":"es-CO","@id":"https:\/\/childliberation.org\/#\/schema\/person\/image\/","url":"https:\/\/secure.gravatar.com\/avatar\/571f5209c9a19a1bc4bb1c6a18bb8af48cc61fe3031f61534c2c5df58c6eea99?s=96&d=mm&r=g","contentUrl":"https:\/\/secure.gravatar.com\/avatar\/571f5209c9a19a1bc4bb1c6a18bb8af48cc61fe3031f61534c2c5df58c6eea99?s=96&d=mm&r=g","caption":"Luke Gibney"},"url":"https:\/\/childliberation.org\/es\/author\/luke-gibney\/"}]}},"jetpack_featured_media_url":"https:\/\/childliberation.org\/wp-content\/uploads\/2025\/06\/Screenshot-2025-06-02-180014.png","jetpack_sharing_enabled":true,"_links":{"self":[{"href":"https:\/\/childliberation.org\/es\/wp-json\/wp\/v2\/posts\/21990","targetHints":{"allow":["GET"]}}],"collection":[{"href":"https:\/\/childliberation.org\/es\/wp-json\/wp\/v2\/posts"}],"about":[{"href":"https:\/\/childliberation.org\/es\/wp-json\/wp\/v2\/types\/post"}],"author":[{"embeddable":true,"href":"https:\/\/childliberation.org\/es\/wp-json\/wp\/v2\/users\/4"}],"replies":[{"embeddable":true,"href":"https:\/\/childliberation.org\/es\/wp-json\/wp\/v2\/comments?post=21990"}],"version-history":[{"count":1,"href":"https:\/\/childliberation.org\/es\/wp-json\/wp\/v2\/posts\/21990\/revisions"}],"predecessor-version":[{"id":21994,"href":"https:\/\/childliberation.org\/es\/wp-json\/wp\/v2\/posts\/21990\/revisions\/21994"}],"wp:featuredmedia":[{"embeddable":true,"href":"https:\/\/childliberation.org\/es\/wp-json\/wp\/v2\/media\/21992"}],"wp:attachment":[{"href":"https:\/\/childliberation.org\/es\/wp-json\/wp\/v2\/media?parent=21990"}],"wp:term":[{"taxonomy":"category","embeddable":true,"href":"https:\/\/childliberation.org\/es\/wp-json\/wp\/v2\/categories?post=21990"},{"taxonomy":"post_tag","embeddable":true,"href":"https:\/\/childliberation.org\/es\/wp-json\/wp\/v2\/tags?post=21990"}],"curies":[{"name":"wp","href":"https:\/\/api.w.org\/{rel}","templated":true}]}}