{"id":22021,"date":"2025-06-06T04:04:24","date_gmt":"2025-06-06T09:04:24","guid":{"rendered":"https:\/\/childliberation.org\/?p=22021"},"modified":"2025-06-06T04:04:26","modified_gmt":"2025-06-06T09:04:26","slug":"empowering-young-girls-in-cartagena-through-cuidando-de-mi","status":"publish","type":"post","link":"https:\/\/childliberation.org\/es\/empowering-young-girls-in-cartagena-through-cuidando-de-mi\/","title":{"rendered":"Empoderando a las j\u00f3venes de Cartagena a trav\u00e9s de \u201cCuidando de M\u00ed\u201d"},"content":{"rendered":"<p class=\"translation-block\">Empoderar a las ni\u00f1as de Cartagena es fundamental para nuestra misi\u00f3n. El 3 de junio de 2025, 32 ni\u00f1as de primero y segundo grado del Colegio Juan Bautista Scalabrini experimentaron este empoderamiento en primera persona. Participaron en el taller \u00abCuidando de M\u00ed\u00bb, un evento alegre y transformador dise\u00f1ado para ense\u00f1ar seguridad corporal, autoestima y protecci\u00f3n personal.<\/p>\n\n\n\n<p class=\"translation-block\">El equipo local de la Fundaci\u00f3n para la Liberaci\u00f3n Infantil, en colaboraci\u00f3n con la <em><a href=\"https:\/\/web.facebook.com\/profile.php?id=100040318941019#\" target=\"_self\">Fundaci\u00f3n Mi Refugio de Esperanza<\/a><\/em>, dirigi\u00f3 el taller para el empoderamiento de ni\u00f1as. Desde el primer momento, la sala rebos\u00f3 energ\u00eda y calidez. El objetivo era simple: ayudar a cada ni\u00f1a a comprender su valor, sus derechos y su voz.<\/p>\n\n\n\n<figure class=\"wp-block-image size-full\"><img fetchpriority=\"high\" decoding=\"async\" width=\"1000\" height=\"663\" src=\"https:\/\/childliberation.org\/wp-content\/uploads\/2025\/06\/Eliana-con-una-nina.jpg\" alt=\"\" class=\"wp-image-22022\" srcset=\"https:\/\/childliberation.org\/wp-content\/uploads\/2025\/06\/Eliana-con-una-nina.jpg 1000w, https:\/\/childliberation.org\/wp-content\/uploads\/2025\/06\/Eliana-con-una-nina-300x199.jpg 300w, https:\/\/childliberation.org\/wp-content\/uploads\/2025\/06\/Eliana-con-una-nina-768x509.jpg 768w, https:\/\/childliberation.org\/wp-content\/uploads\/2025\/06\/Eliana-con-una-nina-18x12.jpg 18w, https:\/\/childliberation.org\/wp-content\/uploads\/2025\/06\/Eliana-con-una-nina-600x398.jpg 600w\" sizes=\"(max-width: 1000px) 100vw, 1000px\" \/><\/figure>\n\n\n\n<h3 class=\"wp-block-heading\" id=\"h-creating-a-safe-and-joyful-space\">Creando un espacio seguro y alegre<\/h3>\n\n\n\n<p class=\"translation-block\">El facilitador Jos\u00e9 Garc\u00eda de Girarte dio inicio a la ma\u00f1ana con actividades l\u00fadicas. Estos momentos divertidos fomentaron la confianza y abrieron espacio para conversaciones m\u00e1s profundas. Las sonrisas y las risas pronto dieron paso a canciones con significado.<\/p>\n\n\n\n<p class=\"translation-block\">Juntas, las ni\u00f1as cantaron \u00abYo s\u00e9 cuidar mi cuerpo\u00bb. Esta canci\u00f3n, llena de positivismo, reforz\u00f3 uno de los mensajes clave del taller \u00abEmpoderando a las ni\u00f1as\u00bb: toda ni\u00f1a tiene derecho a sentirse segura y respetada.<\/p>\n\n\n\n<figure class=\"wp-block-image size-full\"><img decoding=\"async\" width=\"1000\" height=\"673\" src=\"https:\/\/childliberation.org\/wp-content\/uploads\/2025\/06\/Eliana-Charla.jpg\" alt=\"\" class=\"wp-image-22024\" srcset=\"https:\/\/childliberation.org\/wp-content\/uploads\/2025\/06\/Eliana-Charla.jpg 1000w, https:\/\/childliberation.org\/wp-content\/uploads\/2025\/06\/Eliana-Charla-300x202.jpg 300w, https:\/\/childliberation.org\/wp-content\/uploads\/2025\/06\/Eliana-Charla-768x517.jpg 768w, https:\/\/childliberation.org\/wp-content\/uploads\/2025\/06\/Eliana-Charla-18x12.jpg 18w, https:\/\/childliberation.org\/wp-content\/uploads\/2025\/06\/Eliana-Charla-600x404.jpg 600w\" sizes=\"(max-width: 1000px) 100vw, 1000px\" \/><\/figure>\n\n\n\n<h3 class=\"wp-block-heading\" id=\"h-building-self-worth-through-empowering-exercises\">Desarrollar la autoestima mediante ejercicios de empoderamiento<\/h3>\n\n\n\n<p>Uno de los momentos m\u00e1s impactantes se produjo durante el ejercicio del espejo. Cada ni\u00f1a se par\u00f3 frente a un espejo y declar\u00f3 con orgullo: \u00abSoy valiente, fuerte y especial\u00bb. Estas sencillas palabras despertaron una confianza y alegr\u00eda visibles en el rostro de cada joven.<\/p>\n\n\n\n<p class=\"translation-block\">Antes de partir, cada participante recibi\u00f3 un kit de \u00fatiles escolares de <em>Empoderando a las ni\u00f1as<\/em>. Este pr\u00e1ctico obsequio apoy\u00f3 su trayectoria educativa y celebr\u00f3 su participaci\u00f3n. Sin embargo, tambi\u00e9n marc\u00f3 el \u00faltimo kit disponible, lo que nos recuerda la creciente necesidad de m\u00e1s recursos.<\/p>\n\n\n\n<figure class=\"wp-block-image size-full\"><img decoding=\"async\" width=\"1000\" height=\"571\" src=\"https:\/\/childliberation.org\/wp-content\/uploads\/2025\/06\/Playful-Activities.jpg\" alt=\"\" class=\"wp-image-22025\" srcset=\"https:\/\/childliberation.org\/wp-content\/uploads\/2025\/06\/Playful-Activities.jpg 1000w, https:\/\/childliberation.org\/wp-content\/uploads\/2025\/06\/Playful-Activities-300x171.jpg 300w, https:\/\/childliberation.org\/wp-content\/uploads\/2025\/06\/Playful-Activities-768x439.jpg 768w, https:\/\/childliberation.org\/wp-content\/uploads\/2025\/06\/Playful-Activities-18x10.jpg 18w, https:\/\/childliberation.org\/wp-content\/uploads\/2025\/06\/Playful-Activities-600x343.jpg 600w\" sizes=\"(max-width: 1000px) 100vw, 1000px\" \/><\/figure>\n\n\n\n<h3 class=\"wp-block-heading\" id=\"h-lasting-impact-and-a-call-to-action\">Impacto duradero y un llamado a la acci\u00f3n<\/h3>\n\n\n\n<p>El taller concluy\u00f3 con un repaso de las lecciones clave. Las chicas demostraron una s\u00f3lida comprensi\u00f3n de la seguridad corporal, los l\u00edmites personales y la importancia de expresarse abiertamente. Su entusiasmo demostr\u00f3 la profunda repercusi\u00f3n de estas lecciones.<\/p>\n\n\n\n<p class=\"translation-block\">Empoderar a las ni\u00f1as de Cartagena es una labor que nos enorgullece continuar. Con el apoyo de nuestros socios, educadores dedicados y generosos donantes, aspiramos a llevar los talleres de <em>Cuidando de M\u00ed<\/em> a muchos m\u00e1s ni\u00f1os.<\/p>\n\n\n\n<p><strong><a href=\"https:\/\/childliberation.org\/es\/donations-by-project\/\">Juntos, podemos transformar el futuro: un ni\u00f1o empoderado a la vez.<\/a><\/strong><\/p>\n\n\n\n<figure class=\"wp-block-image aligncenter size-full\"><img loading=\"lazy\" decoding=\"async\" width=\"650\" height=\"1000\" src=\"https:\/\/childliberation.org\/wp-content\/uploads\/2025\/06\/Eliana-con-balerina.jpg\" alt=\"\" class=\"wp-image-22023\" srcset=\"https:\/\/childliberation.org\/wp-content\/uploads\/2025\/06\/Eliana-con-balerina.jpg 650w, https:\/\/childliberation.org\/wp-content\/uploads\/2025\/06\/Eliana-con-balerina-195x300.jpg 195w, https:\/\/childliberation.org\/wp-content\/uploads\/2025\/06\/Eliana-con-balerina-8x12.jpg 8w, https:\/\/childliberation.org\/wp-content\/uploads\/2025\/06\/Eliana-con-balerina-600x923.jpg 600w\" sizes=\"(max-width: 650px) 100vw, 650px\" \/><\/figure>","protected":false},"excerpt":{"rendered":"<p>Empowering young girls in Cartagena is at the heart of our mission. On June 3rd, 2025, 32 first- and second-grade girls at Colegio Juan Bautista Scalabrini experienced this empowerment first-hand. They participated in the Cuidando de M\u00ed (&#8220;Caring for Me&#8221;) workshop \u2014 a joyful and transformative event designed to teach body safety, self-worth, and personal [&hellip;]<\/p>\n","protected":false},"author":4,"featured_media":22026,"comment_status":"open","ping_status":"open","sticky":false,"template":"","format":"standard","meta":{"give_campaign_id":0,"_jetpack_memberships_contains_paid_content":false,"footnotes":""},"categories":[105],"tags":[],"class_list":["post-22021","post","type-post","status-publish","format-standard","has-post-thumbnail","hentry","category-good-news"],"yoast_head":"<!-- This site is optimized with the Yoast SEO Premium plugin v24.0 (Yoast SEO v24.0) - https:\/\/yoast.com\/wordpress\/plugins\/seo\/ -->\n<title>Empowering Young Girls in Cartagena Through &quot;Cuidando de M\u00ed&quot;<\/title>\n<meta name=\"description\" content=\"Child Liberation Foundation is empowering young girls with body safety tools and self-worth in Cartagena through &quot;Cuidando de M\u00ed&quot; workshops.\" \/>\n<meta name=\"robots\" content=\"index, follow, max-snippet:-1, max-image-preview:large, max-video-preview:-1\" \/>\n<link rel=\"canonical\" href=\"https:\/\/childliberation.org\/es\/empowering-young-girls-in-cartagena-through-cuidando-de-mi\/\" \/>\n<meta property=\"og:locale\" content=\"es_ES\" \/>\n<meta property=\"og:type\" content=\"article\" \/>\n<meta property=\"og:title\" content=\"Child Liberation Foundation\" \/>\n<meta property=\"og:description\" content=\"The Child Liberation Foundation was founded in February 2017 with a passion and commitment to end child trafficking around the world. In 2023 we have expanded our efforts to not only doing child rescue missions but also in focusing on the rehabilitation and healing of childhood sexual trauma by providing tools, modalities, awareness and education.\" \/>\n<meta property=\"og:url\" content=\"https:\/\/childliberation.org\/es\/empowering-young-girls-in-cartagena-through-cuidando-de-mi\/\" \/>\n<meta property=\"og:site_name\" content=\"Child Liberation Foundation\" \/>\n<meta property=\"article:publisher\" content=\"https:\/\/www.facebook.com\/LiberateAChild?mibextid=LQQJ4d\" \/>\n<meta property=\"article:published_time\" content=\"2025-06-06T09:04:24+00:00\" \/>\n<meta property=\"article:modified_time\" content=\"2025-06-06T09:04:26+00:00\" \/>\n<meta property=\"og:image\" content=\"https:\/\/childliberation.org\/wp-content\/uploads\/2025\/06\/Eliana-y-Jose-Garcia-from-Girarte.jpg\" \/>\n\t<meta property=\"og:image:width\" content=\"1000\" \/>\n\t<meta property=\"og:image:height\" content=\"677\" \/>\n\t<meta property=\"og:image:type\" content=\"image\/jpeg\" \/>\n<meta name=\"author\" content=\"Luke Gibney\" \/>\n<meta name=\"twitter:card\" content=\"summary_large_image\" \/>\n<meta name=\"twitter:creator\" content=\"@CLF_Org\" \/>\n<meta name=\"twitter:site\" content=\"@CLF_Org\" \/>\n<meta name=\"twitter:label1\" content=\"Escrito por\" \/>\n\t<meta name=\"twitter:data1\" content=\"Luke Gibney\" \/>\n\t<meta name=\"twitter:label2\" content=\"Tiempo de lectura\" \/>\n\t<meta name=\"twitter:data2\" content=\"3 minutos\" \/>\n<script type=\"application\/ld+json\" class=\"yoast-schema-graph\">{\"@context\":\"https:\/\/schema.org\",\"@graph\":[{\"@type\":\"Article\",\"@id\":\"https:\/\/childliberation.org\/empowering-young-girls-in-cartagena-through-cuidando-de-mi\/#article\",\"isPartOf\":{\"@id\":\"https:\/\/childliberation.org\/empowering-young-girls-in-cartagena-through-cuidando-de-mi\/\"},\"author\":{\"name\":\"Luke Gibney\",\"@id\":\"https:\/\/childliberation.org\/#\/schema\/person\/d3d1115b19cab7805d5814a8999e25dc\"},\"headline\":\"Empowering Young Girls in Cartagena Through &#8220;Cuidando de M\u00ed&#8221;\",\"datePublished\":\"2025-06-06T09:04:24+00:00\",\"dateModified\":\"2025-06-06T09:04:26+00:00\",\"mainEntityOfPage\":{\"@id\":\"https:\/\/childliberation.org\/empowering-young-girls-in-cartagena-through-cuidando-de-mi\/\"},\"wordCount\":366,\"commentCount\":0,\"publisher\":{\"@id\":\"https:\/\/childliberation.org\/#organization\"},\"image\":{\"@id\":\"https:\/\/childliberation.org\/empowering-young-girls-in-cartagena-through-cuidando-de-mi\/#primaryimage\"},\"thumbnailUrl\":\"https:\/\/childliberation.org\/wp-content\/uploads\/2025\/06\/Eliana-y-Jose-Garcia-from-Girarte.jpg\",\"articleSection\":[\"Good News\"],\"inLanguage\":\"es-CO\",\"potentialAction\":[{\"@type\":\"CommentAction\",\"name\":\"Comment\",\"target\":[\"https:\/\/childliberation.org\/empowering-young-girls-in-cartagena-through-cuidando-de-mi\/#respond\"]}]},{\"@type\":\"WebPage\",\"@id\":\"https:\/\/childliberation.org\/empowering-young-girls-in-cartagena-through-cuidando-de-mi\/\",\"url\":\"https:\/\/childliberation.org\/empowering-young-girls-in-cartagena-through-cuidando-de-mi\/\",\"name\":\"Empowering Young Girls in Cartagena Through \\\"Cuidando de M\u00ed\\\"\",\"isPartOf\":{\"@id\":\"https:\/\/childliberation.org\/#website\"},\"primaryImageOfPage\":{\"@id\":\"https:\/\/childliberation.org\/empowering-young-girls-in-cartagena-through-cuidando-de-mi\/#primaryimage\"},\"image\":{\"@id\":\"https:\/\/childliberation.org\/empowering-young-girls-in-cartagena-through-cuidando-de-mi\/#primaryimage\"},\"thumbnailUrl\":\"https:\/\/childliberation.org\/wp-content\/uploads\/2025\/06\/Eliana-y-Jose-Garcia-from-Girarte.jpg\",\"datePublished\":\"2025-06-06T09:04:24+00:00\",\"dateModified\":\"2025-06-06T09:04:26+00:00\",\"description\":\"Child Liberation Foundation is empowering young girls with body safety tools and self-worth in Cartagena through \\\"Cuidando de M\u00ed\\\" workshops.\",\"breadcrumb\":{\"@id\":\"https:\/\/childliberation.org\/empowering-young-girls-in-cartagena-through-cuidando-de-mi\/#breadcrumb\"},\"inLanguage\":\"es-CO\",\"potentialAction\":[{\"@type\":\"ReadAction\",\"target\":[\"https:\/\/childliberation.org\/empowering-young-girls-in-cartagena-through-cuidando-de-mi\/\"]}]},{\"@type\":\"ImageObject\",\"inLanguage\":\"es-CO\",\"@id\":\"https:\/\/childliberation.org\/empowering-young-girls-in-cartagena-through-cuidando-de-mi\/#primaryimage\",\"url\":\"https:\/\/childliberation.org\/wp-content\/uploads\/2025\/06\/Eliana-y-Jose-Garcia-from-Girarte.jpg\",\"contentUrl\":\"https:\/\/childliberation.org\/wp-content\/uploads\/2025\/06\/Eliana-y-Jose-Garcia-from-Girarte.jpg\",\"width\":1000,\"height\":677},{\"@type\":\"BreadcrumbList\",\"@id\":\"https:\/\/childliberation.org\/empowering-young-girls-in-cartagena-through-cuidando-de-mi\/#breadcrumb\",\"itemListElement\":[{\"@type\":\"ListItem\",\"position\":1,\"name\":\"Home\",\"item\":\"https:\/\/childliberation.org\/\"},{\"@type\":\"ListItem\",\"position\":2,\"name\":\"Empowering Young Girls in Cartagena Through &#8220;Cuidando de M\u00ed&#8221;\"}]},{\"@type\":\"WebSite\",\"@id\":\"https:\/\/childliberation.org\/#website\",\"url\":\"https:\/\/childliberation.org\/\",\"name\":\"Childliberation.org\",\"description\":\"Liberating the world one child at a time\",\"publisher\":{\"@id\":\"https:\/\/childliberation.org\/#organization\"},\"alternateName\":\"CLF\",\"potentialAction\":[{\"@type\":\"SearchAction\",\"target\":{\"@type\":\"EntryPoint\",\"urlTemplate\":\"https:\/\/childliberation.org\/?s={search_term_string}\"},\"query-input\":{\"@type\":\"PropertyValueSpecification\",\"valueRequired\":true,\"valueName\":\"search_term_string\"}}],\"inLanguage\":\"es-CO\"},{\"@type\":\"Organization\",\"@id\":\"https:\/\/childliberation.org\/#organization\",\"name\":\"Child Liberation Foundation\",\"alternateName\":\"CLF\",\"url\":\"https:\/\/childliberation.org\/\",\"logo\":{\"@type\":\"ImageObject\",\"inLanguage\":\"es-CO\",\"@id\":\"https:\/\/childliberation.org\/#\/schema\/logo\/image\/\",\"url\":\"https:\/\/childliberation.org\/wp-content\/uploads\/2024\/12\/CLF-Logo-square.webp\",\"contentUrl\":\"https:\/\/childliberation.org\/wp-content\/uploads\/2024\/12\/CLF-Logo-square.webp\",\"width\":1081,\"height\":1081,\"caption\":\"Child Liberation Foundation\"},\"image\":{\"@id\":\"https:\/\/childliberation.org\/#\/schema\/logo\/image\/\"},\"sameAs\":[\"https:\/\/www.facebook.com\/LiberateAChild?mibextid=LQQJ4d\",\"https:\/\/x.com\/CLF_Org\",\"https:\/\/www.youtube.com\/@childliberationfoundation\",\"https:\/\/www.instagram.com\/childliberationfoundation\/\",\"https:\/\/www.tiktok.com\/@childliberationorg\"],\"description\":\"The Child Liberation Foundation was founded in February 2017 with a passion and commitment to end child trafficking around the world. In 2023 we have expanded our efforts to not only doing child rescue missions but also in focusing on the rehabilitation and healing of childhood sexual trauma by providing tools, modalities, awareness and education.\",\"email\":\"contact@childliberation.org\",\"legalName\":\"Child Liberation Foundation\",\"foundingDate\":\"2017-02-14\",\"numberOfEmployees\":{\"@type\":\"QuantitativeValue\",\"minValue\":\"11\",\"maxValue\":\"50\"}},{\"@type\":\"Person\",\"@id\":\"https:\/\/childliberation.org\/#\/schema\/person\/d3d1115b19cab7805d5814a8999e25dc\",\"name\":\"Luke Gibney\",\"image\":{\"@type\":\"ImageObject\",\"inLanguage\":\"es-CO\",\"@id\":\"https:\/\/childliberation.org\/#\/schema\/person\/image\/\",\"url\":\"https:\/\/secure.gravatar.com\/avatar\/571f5209c9a19a1bc4bb1c6a18bb8af48cc61fe3031f61534c2c5df58c6eea99?s=96&d=mm&r=g\",\"contentUrl\":\"https:\/\/secure.gravatar.com\/avatar\/571f5209c9a19a1bc4bb1c6a18bb8af48cc61fe3031f61534c2c5df58c6eea99?s=96&d=mm&r=g\",\"caption\":\"Luke Gibney\"},\"url\":\"https:\/\/childliberation.org\/es\/author\/luke-gibney\/\"}]}<\/script>\n<!-- \/ Yoast SEO Premium plugin. -->","yoast_head_json":{"title":"Empowering Young Girls in Cartagena Through \"Cuidando de M\u00ed\"","description":"Child Liberation Foundation is empowering young girls with body safety tools and self-worth in Cartagena through \"Cuidando de M\u00ed\" workshops.","robots":{"index":"index","follow":"follow","max-snippet":"max-snippet:-1","max-image-preview":"max-image-preview:large","max-video-preview":"max-video-preview:-1"},"canonical":"https:\/\/childliberation.org\/es\/empowering-young-girls-in-cartagena-through-cuidando-de-mi\/","og_locale":"es_ES","og_type":"article","og_title":"Child Liberation Foundation","og_description":"The Child Liberation Foundation was founded in February 2017 with a passion and commitment to end child trafficking around the world. In 2023 we have expanded our efforts to not only doing child rescue missions but also in focusing on the rehabilitation and healing of childhood sexual trauma by providing tools, modalities, awareness and education.","og_url":"https:\/\/childliberation.org\/es\/empowering-young-girls-in-cartagena-through-cuidando-de-mi\/","og_site_name":"Child Liberation Foundation","article_publisher":"https:\/\/www.facebook.com\/LiberateAChild?mibextid=LQQJ4d","article_published_time":"2025-06-06T09:04:24+00:00","article_modified_time":"2025-06-06T09:04:26+00:00","og_image":[{"width":1000,"height":677,"url":"https:\/\/childliberation.org\/wp-content\/uploads\/2025\/06\/Eliana-y-Jose-Garcia-from-Girarte.jpg","type":"image\/jpeg"}],"author":"Luke Gibney","twitter_card":"summary_large_image","twitter_creator":"@CLF_Org","twitter_site":"@CLF_Org","twitter_misc":{"Escrito por":"Luke Gibney","Tiempo de lectura":"3 minutos"},"schema":{"@context":"https:\/\/schema.org","@graph":[{"@type":"Article","@id":"https:\/\/childliberation.org\/empowering-young-girls-in-cartagena-through-cuidando-de-mi\/#article","isPartOf":{"@id":"https:\/\/childliberation.org\/empowering-young-girls-in-cartagena-through-cuidando-de-mi\/"},"author":{"name":"Luke Gibney","@id":"https:\/\/childliberation.org\/#\/schema\/person\/d3d1115b19cab7805d5814a8999e25dc"},"headline":"Empowering Young Girls in Cartagena Through &#8220;Cuidando de M\u00ed&#8221;","datePublished":"2025-06-06T09:04:24+00:00","dateModified":"2025-06-06T09:04:26+00:00","mainEntityOfPage":{"@id":"https:\/\/childliberation.org\/empowering-young-girls-in-cartagena-through-cuidando-de-mi\/"},"wordCount":366,"commentCount":0,"publisher":{"@id":"https:\/\/childliberation.org\/#organization"},"image":{"@id":"https:\/\/childliberation.org\/empowering-young-girls-in-cartagena-through-cuidando-de-mi\/#primaryimage"},"thumbnailUrl":"https:\/\/childliberation.org\/wp-content\/uploads\/2025\/06\/Eliana-y-Jose-Garcia-from-Girarte.jpg","articleSection":["Good News"],"inLanguage":"es-CO","potentialAction":[{"@type":"CommentAction","name":"Comment","target":["https:\/\/childliberation.org\/empowering-young-girls-in-cartagena-through-cuidando-de-mi\/#respond"]}]},{"@type":"WebPage","@id":"https:\/\/childliberation.org\/empowering-young-girls-in-cartagena-through-cuidando-de-mi\/","url":"https:\/\/childliberation.org\/empowering-young-girls-in-cartagena-through-cuidando-de-mi\/","name":"Empowering Young Girls in Cartagena Through \"Cuidando de M\u00ed\"","isPartOf":{"@id":"https:\/\/childliberation.org\/#website"},"primaryImageOfPage":{"@id":"https:\/\/childliberation.org\/empowering-young-girls-in-cartagena-through-cuidando-de-mi\/#primaryimage"},"image":{"@id":"https:\/\/childliberation.org\/empowering-young-girls-in-cartagena-through-cuidando-de-mi\/#primaryimage"},"thumbnailUrl":"https:\/\/childliberation.org\/wp-content\/uploads\/2025\/06\/Eliana-y-Jose-Garcia-from-Girarte.jpg","datePublished":"2025-06-06T09:04:24+00:00","dateModified":"2025-06-06T09:04:26+00:00","description":"Child Liberation Foundation is empowering young girls with body safety tools and self-worth in Cartagena through \"Cuidando de M\u00ed\" workshops.","breadcrumb":{"@id":"https:\/\/childliberation.org\/empowering-young-girls-in-cartagena-through-cuidando-de-mi\/#breadcrumb"},"inLanguage":"es-CO","potentialAction":[{"@type":"ReadAction","target":["https:\/\/childliberation.org\/empowering-young-girls-in-cartagena-through-cuidando-de-mi\/"]}]},{"@type":"ImageObject","inLanguage":"es-CO","@id":"https:\/\/childliberation.org\/empowering-young-girls-in-cartagena-through-cuidando-de-mi\/#primaryimage","url":"https:\/\/childliberation.org\/wp-content\/uploads\/2025\/06\/Eliana-y-Jose-Garcia-from-Girarte.jpg","contentUrl":"https:\/\/childliberation.org\/wp-content\/uploads\/2025\/06\/Eliana-y-Jose-Garcia-from-Girarte.jpg","width":1000,"height":677},{"@type":"BreadcrumbList","@id":"https:\/\/childliberation.org\/empowering-young-girls-in-cartagena-through-cuidando-de-mi\/#breadcrumb","itemListElement":[{"@type":"ListItem","position":1,"name":"Home","item":"https:\/\/childliberation.org\/"},{"@type":"ListItem","position":2,"name":"Empowering Young Girls in Cartagena Through &#8220;Cuidando de M\u00ed&#8221;"}]},{"@type":"WebSite","@id":"https:\/\/childliberation.org\/#website","url":"https:\/\/childliberation.org\/","name":"Childliberation.org","description":"Liberando al mundo un ni\u00f1o a la vez","publisher":{"@id":"https:\/\/childliberation.org\/#organization"},"alternateName":"CLF","potentialAction":[{"@type":"SearchAction","target":{"@type":"EntryPoint","urlTemplate":"https:\/\/childliberation.org\/?s={search_term_string}"},"query-input":{"@type":"PropertyValueSpecification","valueRequired":true,"valueName":"search_term_string"}}],"inLanguage":"es-CO"},{"@type":"Organization","@id":"https:\/\/childliberation.org\/#organization","name":"Fundaci\u00f3n Child Liberation","alternateName":"CLF","url":"https:\/\/childliberation.org\/","logo":{"@type":"ImageObject","inLanguage":"es-CO","@id":"https:\/\/childliberation.org\/#\/schema\/logo\/image\/","url":"https:\/\/childliberation.org\/wp-content\/uploads\/2024\/12\/CLF-Logo-square.webp","contentUrl":"https:\/\/childliberation.org\/wp-content\/uploads\/2024\/12\/CLF-Logo-square.webp","width":1081,"height":1081,"caption":"Child Liberation Foundation"},"image":{"@id":"https:\/\/childliberation.org\/#\/schema\/logo\/image\/"},"sameAs":["https:\/\/www.facebook.com\/LiberateAChild?mibextid=LQQJ4d","https:\/\/x.com\/CLF_Org","https:\/\/www.youtube.com\/@childliberationfoundation","https:\/\/www.instagram.com\/childliberationfoundation\/","https:\/\/www.tiktok.com\/@childliberationorg"],"description":"La Child Liberation Foundation se fund\u00f3 en febrero de 2017 con la pasi\u00f3n y el compromiso de poner fin a la trata de ni\u00f1os en todo el mundo. En 2023, hemos ampliado nuestros esfuerzos no solo para realizar misiones de rescate infantil, sino tambi\u00e9n para centrarnos en la rehabilitaci\u00f3n y curaci\u00f3n del trauma sexual infantil proporcionando herramientas, modalidades, concientizaci\u00f3n y educaci\u00f3n.","email":"contact@childliberation.org","legalName":"Child Liberation Foundation","foundingDate":"2017-02-14","numberOfEmployees":{"@type":"QuantitativeValue","minValue":"11","maxValue":"50"}},{"@type":"Person","@id":"https:\/\/childliberation.org\/#\/schema\/person\/d3d1115b19cab7805d5814a8999e25dc","name":"Lucas Gibney","image":{"@type":"ImageObject","inLanguage":"es-CO","@id":"https:\/\/childliberation.org\/#\/schema\/person\/image\/","url":"https:\/\/secure.gravatar.com\/avatar\/571f5209c9a19a1bc4bb1c6a18bb8af48cc61fe3031f61534c2c5df58c6eea99?s=96&d=mm&r=g","contentUrl":"https:\/\/secure.gravatar.com\/avatar\/571f5209c9a19a1bc4bb1c6a18bb8af48cc61fe3031f61534c2c5df58c6eea99?s=96&d=mm&r=g","caption":"Luke Gibney"},"url":"https:\/\/childliberation.org\/es\/author\/luke-gibney\/"}]}},"jetpack_featured_media_url":"https:\/\/childliberation.org\/wp-content\/uploads\/2025\/06\/Eliana-y-Jose-Garcia-from-Girarte.jpg","jetpack_sharing_enabled":true,"_links":{"self":[{"href":"https:\/\/childliberation.org\/es\/wp-json\/wp\/v2\/posts\/22021","targetHints":{"allow":["GET"]}}],"collection":[{"href":"https:\/\/childliberation.org\/es\/wp-json\/wp\/v2\/posts"}],"about":[{"href":"https:\/\/childliberation.org\/es\/wp-json\/wp\/v2\/types\/post"}],"author":[{"embeddable":true,"href":"https:\/\/childliberation.org\/es\/wp-json\/wp\/v2\/users\/4"}],"replies":[{"embeddable":true,"href":"https:\/\/childliberation.org\/es\/wp-json\/wp\/v2\/comments?post=22021"}],"version-history":[{"count":1,"href":"https:\/\/childliberation.org\/es\/wp-json\/wp\/v2\/posts\/22021\/revisions"}],"predecessor-version":[{"id":22027,"href":"https:\/\/childliberation.org\/es\/wp-json\/wp\/v2\/posts\/22021\/revisions\/22027"}],"wp:featuredmedia":[{"embeddable":true,"href":"https:\/\/childliberation.org\/es\/wp-json\/wp\/v2\/media\/22026"}],"wp:attachment":[{"href":"https:\/\/childliberation.org\/es\/wp-json\/wp\/v2\/media?parent=22021"}],"wp:term":[{"taxonomy":"category","embeddable":true,"href":"https:\/\/childliberation.org\/es\/wp-json\/wp\/v2\/categories?post=22021"},{"taxonomy":"post_tag","embeddable":true,"href":"https:\/\/childliberation.org\/es\/wp-json\/wp\/v2\/tags?post=22021"}],"curies":[{"name":"wp","href":"https:\/\/api.w.org\/{rel}","templated":true}]}}